{"id":17518,"date":"2026-04-27T11:45:02","date_gmt":"2026-04-27T14:45:02","guid":{"rendered":"https:\/\/francisschool.cl\/web\/?p=17518"},"modified":"2026-04-28T11:48:50","modified_gmt":"2026-04-28T14:48:50","slug":"feliz-dia-del-carabinero","status":"publish","type":"post","link":"https:\/\/francisschool.cl\/web\/feliz-dia-del-carabinero\/","title":{"rendered":"FELIZ D\u00cdA DEL CARABINERO"},"content":{"rendered":"<p>\u00a1Celebrando a nuestros Carabineros en su d\u00eda! <\/p>\n<p>En nombre de la Fundaci\u00f3n Francis School, hoy queremos extenderles un saludo cargado de gratitud y admiraci\u00f3n a todos los Carabineros de nuestra regi\u00f3n de Coquimbo.<\/p>\n<p>Reconocemos en cada uno de ustedes la valent\u00eda, el compromiso y la vocaci\u00f3n de servicio que los impulsa a resguardar nuestra seguridad d\u00eda a d\u00eda. Gracias por ser un pilar fundamental en nuestra comunidad y por inspirar a nuestros estudiantes con sus valores de orden y patria. \u00a1Les deseamos un d\u00eda extraordinario junto a sus familias y compa\u00f1eros!<\/p>\n<p>En homenaje a la celebraci\u00f3n de su d\u00eda, hace unos d\u00edas vivimos una jornada llena de alegr\u00eda y aprendizaje. Los peque\u00f1os de la jornada de la tarde, de primero a cuarto b\u00e1sico, tuvieron el honor de recibir una visita muy especial. La gran protagonista de la tarde fue Leni, la ejemplar canina de Carabineros, quien con su carisma y destreza se rob\u00f3 todas las miradas y los aplausos.<\/p>\n<p>Queremos expresar nuestro m\u00e1s sincero agradecimiento a los funcionarios de la Tenencia Coquimbo Oriente, que hicieron posible este encuentro: Suboficial Mauricio Romero, Sargento Rodrigo Barrios, Carabinero Francisco Uribe y a nuestra querida Leni, por demostrarnos la nobleza de su labor,<\/p>\n<p>Gracias por acercarse a nuestra comunidad educativa y permitir que nuestros estudiantes conozcan de cerca su labor.<\/p>\n<p><img fetchpriority=\"high\" decoding=\"async\" src=\"https:\/\/francisschool.cl\/web\/wp-content\/uploads\/2026\/04\/1-PORTADA-DIA-DEL-CARABINERO_Mesa-de-trabajo-1-465x600.jpg\" alt=\"\" width=\"465\" height=\"600\" class=\"alignnone size-medium wp-image-17520\" srcset=\"https:\/\/francisschool.cl\/web\/wp-content\/uploads\/2026\/04\/1-PORTADA-DIA-DEL-CARABINERO_Mesa-de-trabajo-1-465x600.jpg 465w, https:\/\/francisschool.cl\/web\/wp-content\/uploads\/2026\/04\/1-PORTADA-DIA-DEL-CARABINERO_Mesa-de-trabajo-1-794x1024.jpg 794w, https:\/\/francisschool.cl\/web\/wp-content\/uploads\/2026\/04\/1-PORTADA-DIA-DEL-CARABINERO_Mesa-de-trabajo-1-768x990.jpg 768w, https:\/\/francisschool.cl\/web\/wp-content\/uploads\/2026\/04\/1-PORTADA-DIA-DEL-CARABINERO_Mesa-de-trabajo-1-1192x1536.jpg 1192w, https:\/\/francisschool.cl\/web\/wp-content\/uploads\/2026\/04\/1-PORTADA-DIA-DEL-CARABINERO_Mesa-de-trabajo-1-1589x2048.jpg 1589w, https:\/\/francisschool.cl\/web\/wp-content\/uploads\/2026\/04\/1-PORTADA-DIA-DEL-CARABINERO_Mesa-de-trabajo-1.jpg 1733w\" sizes=\"(max-width: 465px) 100vw, 465px\" \/><\/p>\n<p><img decoding=\"async\" src=\"https:\/\/francisschool.cl\/web\/wp-content\/uploads\/2026\/04\/2_Mesa-de-trabajo-1-4-465x600.jpg\" alt=\"\" width=\"465\" height=\"600\" class=\"alignnone size-medium wp-image-17521\" srcset=\"https:\/\/francisschool.cl\/web\/wp-content\/uploads\/2026\/04\/2_Mesa-de-trabajo-1-4-465x600.jpg 465w, https:\/\/francisschool.cl\/web\/wp-content\/uploads\/2026\/04\/2_Mesa-de-trabajo-1-4-794x1024.jpg 794w, https:\/\/francisschool.cl\/web\/wp-content\/uploads\/2026\/04\/2_Mesa-de-trabajo-1-4-768x990.jpg 768w, https:\/\/francisschool.cl\/web\/wp-content\/uploads\/2026\/04\/2_Mesa-de-trabajo-1-4-1192x1536.jpg 1192w, https:\/\/francisschool.cl\/web\/wp-content\/uploads\/2026\/04\/2_Mesa-de-trabajo-1-4-1589x2048.jpg 1589w, https:\/\/francisschool.cl\/web\/wp-content\/uploads\/2026\/04\/2_Mesa-de-trabajo-1-4.jpg 1733w\" sizes=\"(max-width: 465px) 100vw, 465px\" \/><\/p>\n<p><img decoding=\"async\" src=\"https:\/\/francisschool.cl\/web\/wp-content\/uploads\/2026\/04\/3_Mesa-de-trabajo-1-4-465x600.jpg\" alt=\"\" width=\"465\" height=\"600\" class=\"alignnone size-medium wp-image-17522\" srcset=\"https:\/\/francisschool.cl\/web\/wp-content\/uploads\/2026\/04\/3_Mesa-de-trabajo-1-4-465x600.jpg 465w, https:\/\/francisschool.cl\/web\/wp-content\/uploads\/2026\/04\/3_Mesa-de-trabajo-1-4-794x1024.jpg 794w, https:\/\/francisschool.cl\/web\/wp-content\/uploads\/2026\/04\/3_Mesa-de-trabajo-1-4-768x990.jpg 768w, https:\/\/francisschool.cl\/web\/wp-content\/uploads\/2026\/04\/3_Mesa-de-trabajo-1-4-1192x1536.jpg 1192w, https:\/\/francisschool.cl\/web\/wp-content\/uploads\/2026\/04\/3_Mesa-de-trabajo-1-4-1589x2048.jpg 1589w, https:\/\/francisschool.cl\/web\/wp-content\/uploads\/2026\/04\/3_Mesa-de-trabajo-1-4.jpg 1733w\" sizes=\"(max-width: 465px) 100vw, 465px\" \/><\/p>\n<p><img loading=\"lazy\" decoding=\"async\" src=\"https:\/\/francisschool.cl\/web\/wp-content\/uploads\/2026\/04\/4_Mesa-de-trabajo-1-3-465x600.jpg\" alt=\"\" width=\"465\" height=\"600\" class=\"alignnone size-medium wp-image-17523\" srcset=\"https:\/\/francisschool.cl\/web\/wp-content\/uploads\/2026\/04\/4_Mesa-de-trabajo-1-3-465x600.jpg 465w, https:\/\/francisschool.cl\/web\/wp-content\/uploads\/2026\/04\/4_Mesa-de-trabajo-1-3-794x1024.jpg 794w, https:\/\/francisschool.cl\/web\/wp-content\/uploads\/2026\/04\/4_Mesa-de-trabajo-1-3-768x990.jpg 768w, https:\/\/francisschool.cl\/web\/wp-content\/uploads\/2026\/04\/4_Mesa-de-trabajo-1-3-1192x1536.jpg 1192w, https:\/\/francisschool.cl\/web\/wp-content\/uploads\/2026\/04\/4_Mesa-de-trabajo-1-3-1589x2048.jpg 1589w, https:\/\/francisschool.cl\/web\/wp-content\/uploads\/2026\/04\/4_Mesa-de-trabajo-1-3.jpg 1733w\" sizes=\"(max-width: 465px) 100vw, 465px\" \/><\/p>\n<p><img loading=\"lazy\" decoding=\"async\" src=\"https:\/\/francisschool.cl\/web\/wp-content\/uploads\/2026\/04\/5_Mesa-de-trabajo-1-2-465x600.jpg\" alt=\"\" width=\"465\" height=\"600\" class=\"alignnone size-medium wp-image-17524\" srcset=\"https:\/\/francisschool.cl\/web\/wp-content\/uploads\/2026\/04\/5_Mesa-de-trabajo-1-2-465x600.jpg 465w, https:\/\/francisschool.cl\/web\/wp-content\/uploads\/2026\/04\/5_Mesa-de-trabajo-1-2-794x1024.jpg 794w, https:\/\/francisschool.cl\/web\/wp-content\/uploads\/2026\/04\/5_Mesa-de-trabajo-1-2-768x990.jpg 768w, https:\/\/francisschool.cl\/web\/wp-content\/uploads\/2026\/04\/5_Mesa-de-trabajo-1-2-1192x1536.jpg 1192w, https:\/\/francisschool.cl\/web\/wp-content\/uploads\/2026\/04\/5_Mesa-de-trabajo-1-2-1589x2048.jpg 1589w, https:\/\/francisschool.cl\/web\/wp-content\/uploads\/2026\/04\/5_Mesa-de-trabajo-1-2.jpg 1733w\" sizes=\"(max-width: 465px) 100vw, 465px\" \/><\/p>\n<p><img loading=\"lazy\" decoding=\"async\" src=\"https:\/\/francisschool.cl\/web\/wp-content\/uploads\/2026\/04\/6_Mesa-de-trabajo-1-1-465x600.jpg\" alt=\"\" width=\"465\" height=\"600\" class=\"alignnone size-medium wp-image-17525\" srcset=\"https:\/\/francisschool.cl\/web\/wp-content\/uploads\/2026\/04\/6_Mesa-de-trabajo-1-1-465x600.jpg 465w, https:\/\/francisschool.cl\/web\/wp-content\/uploads\/2026\/04\/6_Mesa-de-trabajo-1-1-794x1024.jpg 794w, https:\/\/francisschool.cl\/web\/wp-content\/uploads\/2026\/04\/6_Mesa-de-trabajo-1-1-768x990.jpg 768w, https:\/\/francisschool.cl\/web\/wp-content\/uploads\/2026\/04\/6_Mesa-de-trabajo-1-1-1192x1536.jpg 1192w, https:\/\/francisschool.cl\/web\/wp-content\/uploads\/2026\/04\/6_Mesa-de-trabajo-1-1-1589x2048.jpg 1589w, https:\/\/francisschool.cl\/web\/wp-content\/uploads\/2026\/04\/6_Mesa-de-trabajo-1-1.jpg 1733w\" sizes=\"(max-width: 465px) 100vw, 465px\" \/><\/p>\n<p><img loading=\"lazy\" decoding=\"async\" src=\"https:\/\/francisschool.cl\/web\/wp-content\/uploads\/2026\/04\/7_Mesa-de-trabajo-1-1-465x600.jpg\" alt=\"\" width=\"465\" height=\"600\" class=\"alignnone size-medium wp-image-17526\" srcset=\"https:\/\/francisschool.cl\/web\/wp-content\/uploads\/2026\/04\/7_Mesa-de-trabajo-1-1-465x600.jpg 465w, https:\/\/francisschool.cl\/web\/wp-content\/uploads\/2026\/04\/7_Mesa-de-trabajo-1-1-794x1024.jpg 794w, https:\/\/francisschool.cl\/web\/wp-content\/uploads\/2026\/04\/7_Mesa-de-trabajo-1-1-768x990.jpg 768w, https:\/\/francisschool.cl\/web\/wp-content\/uploads\/2026\/04\/7_Mesa-de-trabajo-1-1-1192x1536.jpg 1192w, https:\/\/francisschool.cl\/web\/wp-content\/uploads\/2026\/04\/7_Mesa-de-trabajo-1-1-1589x2048.jpg 1589w, https:\/\/francisschool.cl\/web\/wp-content\/uploads\/2026\/04\/7_Mesa-de-trabajo-1-1.jpg 1733w\" sizes=\"(max-width: 465px) 100vw, 465px\" \/><\/p>\n<p><img loading=\"lazy\" decoding=\"async\" src=\"https:\/\/francisschool.cl\/web\/wp-content\/uploads\/2026\/04\/8_Mesa-de-trabajo-1-1-465x600.jpg\" alt=\"\" width=\"465\" height=\"600\" class=\"alignnone size-medium wp-image-17527\" srcset=\"https:\/\/francisschool.cl\/web\/wp-content\/uploads\/2026\/04\/8_Mesa-de-trabajo-1-1-465x600.jpg 465w, https:\/\/francisschool.cl\/web\/wp-content\/uploads\/2026\/04\/8_Mesa-de-trabajo-1-1-794x1024.jpg 794w, https:\/\/francisschool.cl\/web\/wp-content\/uploads\/2026\/04\/8_Mesa-de-trabajo-1-1-768x990.jpg 768w, https:\/\/francisschool.cl\/web\/wp-content\/uploads\/2026\/04\/8_Mesa-de-trabajo-1-1-1192x1536.jpg 1192w, https:\/\/francisschool.cl\/web\/wp-content\/uploads\/2026\/04\/8_Mesa-de-trabajo-1-1-1589x2048.jpg 1589w, https:\/\/francisschool.cl\/web\/wp-content\/uploads\/2026\/04\/8_Mesa-de-trabajo-1-1.jpg 1733w\" sizes=\"(max-width: 465px) 100vw, 465px\" \/><\/p>\n","protected":false},"excerpt":{"rendered":"<p>\u00a1Celebrando a nuestros Carabineros en su d\u00eda! En nombre de la Fundaci\u00f3n Francis School, hoy queremos extenderles un saludo cargado de gratitud y admiraci\u00f3n a todos los Carabineros de nuestra regi\u00f3n de Coquimbo. Reconocemos en cada uno de ustedes la &hellip; <\/p>\n","protected":false},"author":6,"featured_media":17519,"comment_status":"closed","ping_status":"closed","sticky":false,"template":"","format":"standard","meta":{"footnotes":""},"categories":[37],"tags":[],"class_list":["post-17518","post","type-post","status-publish","format-standard","has-post-thumbnail","hentry","category-colegio"],"_links":{"self":[{"href":"https:\/\/francisschool.cl\/web\/wp-json\/wp\/v2\/posts\/17518","targetHints":{"allow":["GET"]}}],"collection":[{"href":"https:\/\/francisschool.cl\/web\/wp-json\/wp\/v2\/posts"}],"about":[{"href":"https:\/\/francisschool.cl\/web\/wp-json\/wp\/v2\/types\/post"}],"author":[{"embeddable":true,"href":"https:\/\/francisschool.cl\/web\/wp-json\/wp\/v2\/users\/6"}],"replies":[{"embeddable":true,"href":"https:\/\/francisschool.cl\/web\/wp-json\/wp\/v2\/comments?post=17518"}],"version-history":[{"count":1,"href":"https:\/\/francisschool.cl\/web\/wp-json\/wp\/v2\/posts\/17518\/revisions"}],"predecessor-version":[{"id":17528,"href":"https:\/\/francisschool.cl\/web\/wp-json\/wp\/v2\/posts\/17518\/revisions\/17528"}],"wp:featuredmedia":[{"embeddable":true,"href":"https:\/\/francisschool.cl\/web\/wp-json\/wp\/v2\/media\/17519"}],"wp:attachment":[{"href":"https:\/\/francisschool.cl\/web\/wp-json\/wp\/v2\/media?parent=17518"}],"wp:term":[{"taxonomy":"category","embeddable":true,"href":"https:\/\/francisschool.cl\/web\/wp-json\/wp\/v2\/categories?post=17518"},{"taxonomy":"post_tag","embeddable":true,"href":"https:\/\/francisschool.cl\/web\/wp-json\/wp\/v2\/tags?post=17518"}],"curies":[{"name":"wp","href":"https:\/\/api.w.org\/{rel}","templated":true}]}}