{"id":17548,"date":"2026-04-29T13:36:53","date_gmt":"2026-04-29T16:36:53","guid":{"rendered":"https:\/\/francisschool.cl\/web\/?p=17548"},"modified":"2026-04-29T13:36:53","modified_gmt":"2026-04-29T16:36:53","slug":"dia-de-la-convivencia-escolar-3","status":"publish","type":"post","link":"https:\/\/francisschool.cl\/web\/dia-de-la-convivencia-escolar-3\/","title":{"rendered":"D\u00cdA DE LA CONVIVENCIA ESCOLAR"},"content":{"rendered":"<p>Hoy celebramos el D\u00eda Nacional de la Convivencia Escolar, una fecha fundamental para recordar que el respeto, la empat\u00eda y la tolerancia son la base de nuestro camino educativo.<\/p>\n<p>La sana convivencia no es solo un objetivo, sino un compromiso de todos: docentes, asistentes, padres y estudiantes.<\/p>\n<p><img fetchpriority=\"high\" decoding=\"async\" src=\"https:\/\/francisschool.cl\/web\/wp-content\/uploads\/2026\/04\/DIA-DE-LA-CONVIVENCIA-ESCOLAR_Mesa-de-trabajo-1-1-465x600.jpg\" alt=\"\" width=\"465\" height=\"600\" class=\"alignnone size-medium wp-image-17550\" srcset=\"https:\/\/francisschool.cl\/web\/wp-content\/uploads\/2026\/04\/DIA-DE-LA-CONVIVENCIA-ESCOLAR_Mesa-de-trabajo-1-1-465x600.jpg 465w, https:\/\/francisschool.cl\/web\/wp-content\/uploads\/2026\/04\/DIA-DE-LA-CONVIVENCIA-ESCOLAR_Mesa-de-trabajo-1-1-794x1024.jpg 794w, https:\/\/francisschool.cl\/web\/wp-content\/uploads\/2026\/04\/DIA-DE-LA-CONVIVENCIA-ESCOLAR_Mesa-de-trabajo-1-1-768x990.jpg 768w, https:\/\/francisschool.cl\/web\/wp-content\/uploads\/2026\/04\/DIA-DE-LA-CONVIVENCIA-ESCOLAR_Mesa-de-trabajo-1-1-1192x1536.jpg 1192w, https:\/\/francisschool.cl\/web\/wp-content\/uploads\/2026\/04\/DIA-DE-LA-CONVIVENCIA-ESCOLAR_Mesa-de-trabajo-1-1-1589x2048.jpg 1589w, https:\/\/francisschool.cl\/web\/wp-content\/uploads\/2026\/04\/DIA-DE-LA-CONVIVENCIA-ESCOLAR_Mesa-de-trabajo-1-1.jpg 1733w\" sizes=\"(max-width: 465px) 100vw, 465px\" \/><\/p>\n","protected":false},"excerpt":{"rendered":"<p>Hoy celebramos el D\u00eda Nacional de la Convivencia Escolar, una fecha fundamental para recordar que el respeto, la empat\u00eda y la tolerancia son la base de nuestro camino educativo. La sana convivencia no es solo un objetivo, sino un compromiso &hellip; <\/p>\n","protected":false},"author":6,"featured_media":17549,"comment_status":"closed","ping_status":"closed","sticky":false,"template":"","format":"standard","meta":{"footnotes":""},"categories":[37],"tags":[],"class_list":["post-17548","post","type-post","status-publish","format-standard","has-post-thumbnail","hentry","category-colegio"],"_links":{"self":[{"href":"https:\/\/francisschool.cl\/web\/wp-json\/wp\/v2\/posts\/17548","targetHints":{"allow":["GET"]}}],"collection":[{"href":"https:\/\/francisschool.cl\/web\/wp-json\/wp\/v2\/posts"}],"about":[{"href":"https:\/\/francisschool.cl\/web\/wp-json\/wp\/v2\/types\/post"}],"author":[{"embeddable":true,"href":"https:\/\/francisschool.cl\/web\/wp-json\/wp\/v2\/users\/6"}],"replies":[{"embeddable":true,"href":"https:\/\/francisschool.cl\/web\/wp-json\/wp\/v2\/comments?post=17548"}],"version-history":[{"count":1,"href":"https:\/\/francisschool.cl\/web\/wp-json\/wp\/v2\/posts\/17548\/revisions"}],"predecessor-version":[{"id":17551,"href":"https:\/\/francisschool.cl\/web\/wp-json\/wp\/v2\/posts\/17548\/revisions\/17551"}],"wp:featuredmedia":[{"embeddable":true,"href":"https:\/\/francisschool.cl\/web\/wp-json\/wp\/v2\/media\/17549"}],"wp:attachment":[{"href":"https:\/\/francisschool.cl\/web\/wp-json\/wp\/v2\/media?parent=17548"}],"wp:term":[{"taxonomy":"category","embeddable":true,"href":"https:\/\/francisschool.cl\/web\/wp-json\/wp\/v2\/categories?post=17548"},{"taxonomy":"post_tag","embeddable":true,"href":"https:\/\/francisschool.cl\/web\/wp-json\/wp\/v2\/tags?post=17548"}],"curies":[{"name":"wp","href":"https:\/\/api.w.org\/{rel}","templated":true}]}}