{"id":18156,"date":"2026-09-02T09:48:28","date_gmt":"2026-09-02T12:48:28","guid":{"rendered":"https:\/\/francisschool.cl\/web\/?p=18156"},"modified":"2026-09-04T09:51:55","modified_gmt":"2026-09-04T12:51:55","slug":"se-acerca-nuestros-actos-de-fiestas-patrias","status":"publish","type":"post","link":"https:\/\/francisschool.cl\/web\/se-acerca-nuestros-actos-de-fiestas-patrias\/","title":{"rendered":"\u00a1SE ACERCA NUESTROS ACTOS DE FIESTAS PATRIAS!"},"content":{"rendered":"<p>\u00a1Brindo por el pa\u00f1uelo que vuela alto y libre, y por el Francis School, que en septiembre vibre! \ud83c\udde8\ud83c\uddf1<\/p>\n<p>Nuestra gran celebraci\u00f3n escolar de las Fiestas Patrias est\u00e1 a la vuelta de la esquina.<\/p>\n<p>Prep\u00e1rense para una semana llena de color, m\u00fasica, bailes y la alegr\u00eda que nos une como comunidad.<br \/>\n<img fetchpriority=\"high\" decoding=\"async\" src=\"https:\/\/francisschool.cl\/web\/wp-content\/uploads\/2026\/09\/1-FIESTAS-PATRIAS_Mesa-de-trabajo-1-1-465x600.jpg\" alt=\"\" width=\"465\" height=\"600\" class=\"alignnone size-medium wp-image-18158\" srcset=\"https:\/\/francisschool.cl\/web\/wp-content\/uploads\/2026\/09\/1-FIESTAS-PATRIAS_Mesa-de-trabajo-1-1-465x600.jpg 465w, https:\/\/francisschool.cl\/web\/wp-content\/uploads\/2026\/09\/1-FIESTAS-PATRIAS_Mesa-de-trabajo-1-1-794x1024.jpg 794w, https:\/\/francisschool.cl\/web\/wp-content\/uploads\/2026\/09\/1-FIESTAS-PATRIAS_Mesa-de-trabajo-1-1-768x990.jpg 768w, https:\/\/francisschool.cl\/web\/wp-content\/uploads\/2026\/09\/1-FIESTAS-PATRIAS_Mesa-de-trabajo-1-1-1192x1536.jpg 1192w, https:\/\/francisschool.cl\/web\/wp-content\/uploads\/2026\/09\/1-FIESTAS-PATRIAS_Mesa-de-trabajo-1-1-1589x2048.jpg 1589w, https:\/\/francisschool.cl\/web\/wp-content\/uploads\/2026\/09\/1-FIESTAS-PATRIAS_Mesa-de-trabajo-1-1-scaled.jpg 1986w\" sizes=\"(max-width: 465px) 100vw, 465px\" \/><\/p>\n","protected":false},"excerpt":{"rendered":"<p>\u00a1Brindo por el pa\u00f1uelo que vuela alto y libre, y por el Francis School, que en septiembre vibre! \ud83c\udde8\ud83c\uddf1 Nuestra gran celebraci\u00f3n escolar de las Fiestas Patrias est\u00e1 a la vuelta de la esquina. Prep\u00e1rense para una semana llena de &hellip; <\/p>\n","protected":false},"author":6,"featured_media":18157,"comment_status":"closed","ping_status":"closed","sticky":false,"template":"","format":"standard","meta":{"footnotes":""},"categories":[37],"tags":[],"class_list":["post-18156","post","type-post","status-publish","format-standard","has-post-thumbnail","hentry","category-colegio"],"_links":{"self":[{"href":"https:\/\/francisschool.cl\/web\/wp-json\/wp\/v2\/posts\/18156","targetHints":{"allow":["GET"]}}],"collection":[{"href":"https:\/\/francisschool.cl\/web\/wp-json\/wp\/v2\/posts"}],"about":[{"href":"https:\/\/francisschool.cl\/web\/wp-json\/wp\/v2\/types\/post"}],"author":[{"embeddable":true,"href":"https:\/\/francisschool.cl\/web\/wp-json\/wp\/v2\/users\/6"}],"replies":[{"embeddable":true,"href":"https:\/\/francisschool.cl\/web\/wp-json\/wp\/v2\/comments?post=18156"}],"version-history":[{"count":1,"href":"https:\/\/francisschool.cl\/web\/wp-json\/wp\/v2\/posts\/18156\/revisions"}],"predecessor-version":[{"id":18159,"href":"https:\/\/francisschool.cl\/web\/wp-json\/wp\/v2\/posts\/18156\/revisions\/18159"}],"wp:featuredmedia":[{"embeddable":true,"href":"https:\/\/francisschool.cl\/web\/wp-json\/wp\/v2\/media\/18157"}],"wp:attachment":[{"href":"https:\/\/francisschool.cl\/web\/wp-json\/wp\/v2\/media?parent=18156"}],"wp:term":[{"taxonomy":"category","embeddable":true,"href":"https:\/\/francisschool.cl\/web\/wp-json\/wp\/v2\/categories?post=18156"},{"taxonomy":"post_tag","embeddable":true,"href":"https:\/\/francisschool.cl\/web\/wp-json\/wp\/v2\/tags?post=18156"}],"curies":[{"name":"wp","href":"https:\/\/api.w.org\/{rel}","templated":true}]}}