{"id":18160,"date":"2026-09-02T09:52:00","date_gmt":"2026-09-02T12:52:00","guid":{"rendered":"https:\/\/francisschool.cl\/web\/?p=18160"},"modified":"2026-09-04T10:00:32","modified_gmt":"2026-09-04T13:00:32","slug":"felicitaciones-giselle","status":"publish","type":"post","link":"https:\/\/francisschool.cl\/web\/felicitaciones-giselle\/","title":{"rendered":"\u00a1FELICITACIONES GISELLE!"},"content":{"rendered":"<p>Queremos felicitar a nuestra estudiante Giselle Tapia Mar\u00edn, quien tras coronarse campeona provincial de b\u00e1squetbol con nuestro colegio, fue convocada como refuerzo por el Colegio Santa Teresa de Illapel para integrar su equipo categor\u00eda U14.<\/p>\n<p>El pasado martes 18 de agosto, el equipo disput\u00f3 el Torneo Regional y se coron\u00f3 Campe\u00f3n Regional, logrando as\u00ed la clasificaci\u00f3n a la Final Nacional de los Juegos Deportivos Escolares que se llevar\u00e1 a cabo en Valpara\u00edso.<\/p>\n<p>Giselle fue pieza fundamental de este triunfo, demostrando en todo momento su gran talento, compromiso y esfuerzo en la cancha.<\/p>\n<p>\u00a1Te deseamos el mayor de los \u00e9xitos en la etapa nacional, Giselle!<\/p>\n<p><img fetchpriority=\"high\" decoding=\"async\" src=\"https:\/\/francisschool.cl\/web\/wp-content\/uploads\/2026\/09\/1-PORTADA_Mesa-de-trabajo-1-1-465x600.jpg\" alt=\"\" width=\"465\" height=\"600\" class=\"alignnone size-medium wp-image-18162\" srcset=\"https:\/\/francisschool.cl\/web\/wp-content\/uploads\/2026\/09\/1-PORTADA_Mesa-de-trabajo-1-1-465x600.jpg 465w, https:\/\/francisschool.cl\/web\/wp-content\/uploads\/2026\/09\/1-PORTADA_Mesa-de-trabajo-1-1-794x1024.jpg 794w, https:\/\/francisschool.cl\/web\/wp-content\/uploads\/2026\/09\/1-PORTADA_Mesa-de-trabajo-1-1-768x990.jpg 768w, https:\/\/francisschool.cl\/web\/wp-content\/uploads\/2026\/09\/1-PORTADA_Mesa-de-trabajo-1-1-1192x1536.jpg 1192w, https:\/\/francisschool.cl\/web\/wp-content\/uploads\/2026\/09\/1-PORTADA_Mesa-de-trabajo-1-1-1589x2048.jpg 1589w, https:\/\/francisschool.cl\/web\/wp-content\/uploads\/2026\/09\/1-PORTADA_Mesa-de-trabajo-1-1-scaled.jpg 1986w\" sizes=\"(max-width: 465px) 100vw, 465px\" \/><\/p>\n<p><img decoding=\"async\" src=\"https:\/\/francisschool.cl\/web\/wp-content\/uploads\/2026\/09\/2_Mesa-de-trabajo-1-465x600.jpg\" alt=\"\" width=\"465\" height=\"600\" class=\"alignnone size-medium wp-image-18163\" srcset=\"https:\/\/francisschool.cl\/web\/wp-content\/uploads\/2026\/09\/2_Mesa-de-trabajo-1-465x600.jpg 465w, https:\/\/francisschool.cl\/web\/wp-content\/uploads\/2026\/09\/2_Mesa-de-trabajo-1-794x1024.jpg 794w, https:\/\/francisschool.cl\/web\/wp-content\/uploads\/2026\/09\/2_Mesa-de-trabajo-1-768x990.jpg 768w, https:\/\/francisschool.cl\/web\/wp-content\/uploads\/2026\/09\/2_Mesa-de-trabajo-1-1192x1536.jpg 1192w, https:\/\/francisschool.cl\/web\/wp-content\/uploads\/2026\/09\/2_Mesa-de-trabajo-1-1589x2048.jpg 1589w, https:\/\/francisschool.cl\/web\/wp-content\/uploads\/2026\/09\/2_Mesa-de-trabajo-1-scaled.jpg 1986w\" sizes=\"(max-width: 465px) 100vw, 465px\" \/><img decoding=\"async\" src=\"https:\/\/francisschool.cl\/web\/wp-content\/uploads\/2026\/09\/3_Mesa-de-trabajo-1-465x600.jpg\" alt=\"\" width=\"465\" height=\"600\" class=\"alignnone size-medium wp-image-18164\" srcset=\"https:\/\/francisschool.cl\/web\/wp-content\/uploads\/2026\/09\/3_Mesa-de-trabajo-1-465x600.jpg 465w, https:\/\/francisschool.cl\/web\/wp-content\/uploads\/2026\/09\/3_Mesa-de-trabajo-1-794x1024.jpg 794w, https:\/\/francisschool.cl\/web\/wp-content\/uploads\/2026\/09\/3_Mesa-de-trabajo-1-768x990.jpg 768w, https:\/\/francisschool.cl\/web\/wp-content\/uploads\/2026\/09\/3_Mesa-de-trabajo-1-1192x1536.jpg 1192w, https:\/\/francisschool.cl\/web\/wp-content\/uploads\/2026\/09\/3_Mesa-de-trabajo-1-1589x2048.jpg 1589w, https:\/\/francisschool.cl\/web\/wp-content\/uploads\/2026\/09\/3_Mesa-de-trabajo-1-scaled.jpg 1986w\" sizes=\"(max-width: 465px) 100vw, 465px\" \/><\/p>\n","protected":false},"excerpt":{"rendered":"<p>Queremos felicitar a nuestra estudiante Giselle Tapia Mar\u00edn, quien tras coronarse campeona provincial de b\u00e1squetbol con nuestro colegio, fue convocada como refuerzo por el Colegio Santa Teresa de Illapel para integrar su equipo categor\u00eda U14. El pasado martes 18 de &hellip; <\/p>\n","protected":false},"author":6,"featured_media":18170,"comment_status":"closed","ping_status":"closed","sticky":false,"template":"","format":"standard","meta":{"footnotes":""},"categories":[37],"tags":[],"class_list":["post-18160","post","type-post","status-publish","format-standard","has-post-thumbnail","hentry","category-colegio"],"_links":{"self":[{"href":"https:\/\/francisschool.cl\/web\/wp-json\/wp\/v2\/posts\/18160","targetHints":{"allow":["GET"]}}],"collection":[{"href":"https:\/\/francisschool.cl\/web\/wp-json\/wp\/v2\/posts"}],"about":[{"href":"https:\/\/francisschool.cl\/web\/wp-json\/wp\/v2\/types\/post"}],"author":[{"embeddable":true,"href":"https:\/\/francisschool.cl\/web\/wp-json\/wp\/v2\/users\/6"}],"replies":[{"embeddable":true,"href":"https:\/\/francisschool.cl\/web\/wp-json\/wp\/v2\/comments?post=18160"}],"version-history":[{"count":1,"href":"https:\/\/francisschool.cl\/web\/wp-json\/wp\/v2\/posts\/18160\/revisions"}],"predecessor-version":[{"id":18169,"href":"https:\/\/francisschool.cl\/web\/wp-json\/wp\/v2\/posts\/18160\/revisions\/18169"}],"wp:featuredmedia":[{"embeddable":true,"href":"https:\/\/francisschool.cl\/web\/wp-json\/wp\/v2\/media\/18170"}],"wp:attachment":[{"href":"https:\/\/francisschool.cl\/web\/wp-json\/wp\/v2\/media?parent=18160"}],"wp:term":[{"taxonomy":"category","embeddable":true,"href":"https:\/\/francisschool.cl\/web\/wp-json\/wp\/v2\/categories?post=18160"},{"taxonomy":"post_tag","embeddable":true,"href":"https:\/\/francisschool.cl\/web\/wp-json\/wp\/v2\/tags?post=18160"}],"curies":[{"name":"wp","href":"https:\/\/api.w.org\/{rel}","templated":true}]}}