{"id":964,"date":"2019-04-26T12:51:43","date_gmt":"2019-04-26T12:51:43","guid":{"rendered":"http:\/\/francisschool.cl\/web\/?p=964"},"modified":"2019-05-23T13:04:36","modified_gmt":"2019-05-23T13:04:36","slug":"campeon-copa-pf-2019","status":"publish","type":"post","link":"https:\/\/francisschool.cl\/web\/campeon-copa-pf-2019\/","title":{"rendered":"Francis School nuevamente campe\u00f3n de la Copa PF 2019"},"content":{"rendered":"<p>El seleccionado de f\u00fatbol sub 12 varones, se titul\u00f3 campe\u00f3n regional de la vig\u00e9sima sexta versi\u00f3n de la Copa PF, venciendo al equipo de International School de La Serena.<\/p>\n<p>M\u00e1s de 300 ni\u00f1os de la zona tomaron parte de este entretenido torneo, que a\u00f1o a a\u00f1o concita el inter\u00e9s de los colegios locales.<\/p>\n<p>Nuestro colegio ser\u00e1 el representante de nuestra zona en la final nacional que se jugar\u00e1 en el mes de noviembre del presente, en la ciudad de Talca.<\/p>\n<p>Felicitamos a nuestros alumnos por sus grandes logros:<\/p>\n<p>CRISTIAN AGUILERA LAZO<br \/>\nMART\u00cdN OLIVARES VELASQUEZ<br \/>\nJOSE MORA CARDOZO<br \/>\nSIMON PALLAUTA PIZARRO<br \/>\nDAVIES VALLEJOS AGUIRRE<br \/>\nTHOMAS VALDIVIESO JULIA<br \/>\nLEONARDO CONTRERAS NAVEA<br \/>\nDIEGO MU\u00d1OZ CAMPUSANO<br \/>\nAGUSTIN ECHEVERRIA GAVILAN<br \/>\nYEREMY D\u00cdAZ URRA<br \/>\nMAXIMILIANO MORENO LOPEZ<br \/>\nCRISTOPHER ARAYA BALLESTERO<br \/>\nMATIAS LEDEZMA BRAVO<br \/>\nVICENTE PE\u00d1AILILLO BARRERA<br \/>\nMAT\u00cdAS SALGADO VERDE<br \/>\nGABRIEL SALAMANCA PEREIRA<\/p>\n<p>DT: DANIEL CAMPOS CLAVER\u00cdA<\/p>\n<p>Felicitaciones a todos y cada uno de ellos, sabemos que en el torneo nacional dejaran bien puesto el nombre de Francis School.<\/p>\n<p><a href=\"https:\/\/photos.app.goo.gl\/Kaz395oHe2qbHHjH9\" target=\"_blank\" rel=\"noopener\">M\u00e1s Im\u00e1genes<\/a><\/p>\n","protected":false},"excerpt":{"rendered":"<p>El seleccionado de f\u00fatbol sub 12 varones, se titul\u00f3 campe\u00f3n regional de la vig\u00e9sima sexta versi\u00f3n de la Copa PF, venciendo al equipo de International School de La Serena. M\u00e1s de 300 ni\u00f1os de la zona tomaron parte de este &hellip; <\/p>\n","protected":false},"author":2,"featured_media":966,"comment_status":"closed","ping_status":"closed","sticky":false,"template":"","format":"standard","meta":{"footnotes":""},"categories":[3,1],"tags":[],"class_list":["post-964","post","type-post","status-publish","format-standard","has-post-thumbnail","hentry","category-educacion-fisica","category-uncategorized"],"_links":{"self":[{"href":"https:\/\/francisschool.cl\/web\/wp-json\/wp\/v2\/posts\/964","targetHints":{"allow":["GET"]}}],"collection":[{"href":"https:\/\/francisschool.cl\/web\/wp-json\/wp\/v2\/posts"}],"about":[{"href":"https:\/\/francisschool.cl\/web\/wp-json\/wp\/v2\/types\/post"}],"author":[{"embeddable":true,"href":"https:\/\/francisschool.cl\/web\/wp-json\/wp\/v2\/users\/2"}],"replies":[{"embeddable":true,"href":"https:\/\/francisschool.cl\/web\/wp-json\/wp\/v2\/comments?post=964"}],"version-history":[{"count":3,"href":"https:\/\/francisschool.cl\/web\/wp-json\/wp\/v2\/posts\/964\/revisions"}],"predecessor-version":[{"id":968,"href":"https:\/\/francisschool.cl\/web\/wp-json\/wp\/v2\/posts\/964\/revisions\/968"}],"wp:featuredmedia":[{"embeddable":true,"href":"https:\/\/francisschool.cl\/web\/wp-json\/wp\/v2\/media\/966"}],"wp:attachment":[{"href":"https:\/\/francisschool.cl\/web\/wp-json\/wp\/v2\/media?parent=964"}],"wp:term":[{"taxonomy":"category","embeddable":true,"href":"https:\/\/francisschool.cl\/web\/wp-json\/wp\/v2\/categories?post=964"},{"taxonomy":"post_tag","embeddable":true,"href":"https:\/\/francisschool.cl\/web\/wp-json\/wp\/v2\/tags?post=964"}],"curies":[{"name":"wp","href":"https:\/\/api.w.org\/{rel}","templated":true}]}}